{"id":768,"date":"2018-08-15T15:56:14","date_gmt":"2018-08-15T15:56:14","guid":{"rendered":"https:\/\/www.drcemkinay.com\/?post_type=news&#038;p=768"},"modified":"2019-08-15T16:00:33","modified_gmt":"2019-08-15T16:00:33","slug":"siddetle-mucadelede-samimi-omaliyiz","status":"publish","type":"news","link":"https:\/\/www.drcemkinay.com\/en\/news\/siddetle-mucadelede-samimi-omaliyiz\/","title":{"rendered":"\u015e\u0130DDETLE M\u00dcCADELEDE SAM\u0130M\u0130 OLMALIYIZ"},"content":{"rendered":"\n<p>Radyospor, 10.04.2015<\/p>\n\n\n\n<p><\/p>\n\n\n\n<figure class=\"wp-block-image\"><img decoding=\"async\" data-src=\"https:\/\/www.radyospor.com\/CMS\/CMS\/Haberler\/Large\/10042015_-Siddetle-mucadelede-samimi-olmaliyiz.jpg\" alt=\"\" src=\"data:image\/svg+xml;base64,PHN2ZyB3aWR0aD0iMSIgaGVpZ2h0PSIxIiB4bWxucz0iaHR0cDovL3d3dy53My5vcmcvMjAwMC9zdmciPjwvc3ZnPg==\" class=\"lazyload\" \/><\/figure>\n\n\n\n<p>Galatasaray y\u00f6netim kurulu \u00fcyesi Dr Cem K\u0131nay, ba\u015fkanl\u0131k yapm\u0131\u015f isimlerin May\u0131s\u2019taki se\u00e7imde aday olan isimlere kar\u015f\u0131 objektif olmas\u0131 gerekti\u011fini s\u00f6yledi.<\/p>\n\n\n\n<p>K\u0131nay, \u201cBen 25 senedir Galatasaray\u2019a y\u00f6netim d\u0131\u015f\u0131nda maddi ve manevi destekler yapt\u0131m. \u015eimdi ise 6 ayl\u0131\u011f\u0131na y\u00f6netimde yer ald\u0131m. Yeni d\u00f6nemde y\u00f6netimde olmayaca\u011f\u0131m. Ama \u00f6nemli olan ne \u015fekilde olursa olsun Galatasaray\u2019a hizmet etmek. Hizmete devam edece\u011fim\u201d dedi.&nbsp;<br><strong>ADAYLAR GALATASARAY\u2019I B\u00dcY\u00dcTECEK PROJELERE SAH\u0130P OLMALI<\/strong><br><strong>Radyospor\u2019da \u00d6zg\u00fcr Sancar<\/strong>\u2019\u0131n canl\u0131 yay\u0131n konu\u011fu olan Cem K\u0131nay, \u201cEski ya da mevcut ba\u015fkanlar\u0131n se\u00e7imlerde aday olan isimlere objektif olmas\u0131 gerekir. Elbette onlar\u0131n da destekledikleri isimler olabilir; ama objektif yakla\u015f\u0131m daha do\u011fru olur. \u015eu anki duruma bakt\u0131\u011f\u0131m\u0131zda \u00e7ok adayl\u0131 bir se\u00e7im olacak. Kim aday olacaksa \u00f6n\u00fcne projeler koymal\u0131. Galatasaray\u2019\u0131 k\u00fc\u00e7\u00fcltecek de\u011fil. B\u00fcy\u00fctecek projeler koymal\u0131 \u00f6n\u00fcne. Galatasaray daima ba\u015far\u0131 bekleyen bir camia. 500 senelik bir k\u00fclt\u00fcr. Ba\u015fkan oldu\u011funuz zaman b\u00fct\u00fcn k\u00fclt\u00fcr\u00fcn lideri oluyorsunuz. 25 milyon taraftar\u0131ndan lideri oluyorsunuz. Dolay\u0131s\u0131yla Galatasaray\u2019a d\u00fcnya \u00f6l\u00e7e\u011finde ba\u015far\u0131 getirecek projeleri olanlar ba\u015fkan aday\u0131 olmal\u0131\u201d ifadelerini kulland\u0131.&nbsp;<strong>\u015e\u0130DDETE DUR DEMEK KONUSUNDA SAM\u0130M\u0130 OLMA GEREK\u0130R. \u0130NSANLARIN SPORDA ADALET OLDU\u011eUNU D\u00dc\u015e\u00dcNMES\u0130 GEREK\u0130R<\/strong><br>K\u0131nay, \u201cFutboldaki \u015fiddetin bitirilmesi i\u00e7in y\u00f6neticilere \u00e7ok b\u00fcy\u00fck g\u00f6revler d\u00fc\u015f\u00fcyor. Samimi ve samimi olmayan s\u00f6ylemler var. Biz samimi olmak zorunday\u0131z. \u015eiddete kar\u015f\u0131 samimi tepkiler \u00fcretilmeli. Ama samimiyet konusunda inan\u0131n \u00e7ok ciddi \u015f\u00fcphelerim var. Kendimle ilgili de\u011fil. Fenerbah\u00e7e otob\u00fcs\u00fcne yap\u0131lan sald\u0131r\u0131n\u0131n ard\u0131ndan yap\u0131lan a\u00e7\u0131klamalarda da tam samimi olunmad\u0131\u011f\u0131n\u0131 d\u00fc\u015f\u00fcn\u00fcyorum. Bunlar\u0131n olu\u015fma sebeplerinden bir tanesi de insanlar\u0131n adaletle ilgili kayg\u0131lar\u0131. \u0130nsanlar\u0131n sporda adaletin oldu\u011funu g\u00f6stermemiz gerekir. Bu kutupla\u015fmalar bizi hi\u00e7bir yere g\u00f6t\u00fcrmez. Seferberlik ilan ederek futbolumuz \u00fczerindeki imaj\u0131n daha fazla zedelenmemesi ad\u0131na m\u00fccadele etmeliyiz\u201d dedi.&nbsp;<br><strong>SAHAYA \u00c7IKMAMAK \u00c7\u00d6Z\u00dcM DE\u011e\u0130L<\/strong><br>Dr.Cem K\u0131nay, \u201cFenerbah\u00e7e y\u00f6netiminin, \u2018Olay ayd\u0131nlat\u0131lana kadar ma\u00e7lara \u00e7\u0131kmayaca\u011f\u0131z\u2019 s\u00f6yleminin olay\u0131n \u015fokuyla s\u00f6ylendi\u011fini d\u00fc\u015f\u00fcn\u00fcyorum. Kolay de\u011fil, b\u00fcy\u00fck bir \u015fok ya\u015fand\u0131. Ama sahaya \u00e7\u0131kmamak \u00e7\u00f6z\u00fcm de\u011fil. Onlar\u0131n da bir an \u00f6nce futbolda yer almas\u0131 gerekir. Bu olay\u0131n so\u011futulmas\u0131 gerekiyor. Zaten TFF bir hafta erteleyerek, \u015fokun atlat\u0131lmas\u0131 i\u00e7in imk\u00e2n tan\u0131d\u0131. Tekrar rekabete d\u00f6nmek gerekir\u201d \u015feklinde konu\u015ftu.<br><strong>B\u0130R GOL FARKLA KAZANALIM, AMA OFANS\u0130F OYUNU BIRAKMAYALIM<\/strong><br>K\u0131nay, \u201cGalatasaray son ma\u00e7a kadar taraftar\u0131n\u0131 heyecanland\u0131racak. Biz \u015fampiyonlu\u011fa, 4. y\u0131ld\u0131za emin ad\u0131mlarla gidiyoruz. H\u00fccum futbolunu seviyorum. Taraftar\u0131 heyecanland\u0131ran futbol oynuyoruz. Gol yiyoruz. Ama ben ofansif oyunu g\u00f6rmek i\u00e7in Galatasaray\u2019\u0131n bir gol fazla atarak kazanmas\u0131n\u0131 tercih ediyorum. \u015eampiyonlu\u011fa emin ad\u0131mlarla gidiyoruz\u201d dedi.&nbsp;<\/p>\n\n\n\n<p><a href=\"https:\/\/www.radyospor.com\/Futbol\/187178\/-Siddetle-mucadelede-samimi-olmaliyiz\">https:\/\/www.radyospor.com\/Futbol\/187178\/-Siddetle-mucadelede-samimi-olmaliyiz<\/a><\/p>\n","protected":false},"excerpt":{"rendered":"<p>Radyospor, 10.04.2015<\/p>\n","protected":false},"author":1,"featured_media":769,"template":"","tags":[],"news-category":[],"class_list":["post-768","news","type-news","status-publish","has-post-thumbnail","hentry"],"_links":{"self":[{"href":"https:\/\/www.drcemkinay.com\/en\/wp-json\/wp\/v2\/news\/768","targetHints":{"allow":["GET"]}}],"collection":[{"href":"https:\/\/www.drcemkinay.com\/en\/wp-json\/wp\/v2\/news"}],"about":[{"href":"https:\/\/www.drcemkinay.com\/en\/wp-json\/wp\/v2\/types\/news"}],"author":[{"embeddable":true,"href":"https:\/\/www.drcemkinay.com\/en\/wp-json\/wp\/v2\/users\/1"}],"version-history":[{"count":0,"href":"https:\/\/www.drcemkinay.com\/en\/wp-json\/wp\/v2\/news\/768\/revisions"}],"wp:featuredmedia":[{"embeddable":true,"href":"https:\/\/www.drcemkinay.com\/en\/wp-json\/wp\/v2\/media\/769"}],"wp:attachment":[{"href":"https:\/\/www.drcemkinay.com\/en\/wp-json\/wp\/v2\/media?parent=768"}],"wp:term":[{"taxonomy":"post_tag","embeddable":true,"href":"https:\/\/www.drcemkinay.com\/en\/wp-json\/wp\/v2\/tags?post=768"},{"taxonomy":"news-category","embeddable":true,"href":"https:\/\/www.drcemkinay.com\/en\/wp-json\/wp\/v2\/news-category?post=768"}],"curies":[{"name":"wp","href":"https:\/\/api.w.org\/{rel}","templated":true}]}}