{"id":745,"date":"2019-06-07T16:29:14","date_gmt":"2019-06-07T16:29:14","guid":{"rendered":"https:\/\/www.drcemkinay.com\/?post_type=news&#038;p=745"},"modified":"2019-08-15T14:48:54","modified_gmt":"2019-08-15T14:48:54","slug":"cem-kinaydan-ataturk-havalimani-icin-iddiali-oneri","status":"publish","type":"news","link":"https:\/\/www.drcemkinay.com\/en\/news\/cem-kinaydan-ataturk-havalimani-icin-iddiali-oneri\/","title":{"rendered":"CEM KINAY&#8217;DAN ATAT\u00dcRK HAVAL\u0130MANI \u0130\u00c7\u0130N \u0130DD\u0130ALI \u00d6NER\u0130"},"content":{"rendered":"\n<p><strong>Turizm G\u00fcncel, 07.09.2019<\/strong><\/p>\n\n\n\n<p>Cem K\u0131nay&#8217;\u0131n Atat\u00fcrk Havaliman\u0131 ile ilgili \u00f6nerileri. H\u00fcrriyet yay\u0131n y\u00f6netmeni Vahap Munyar&#8217;\u0131n yaz\u0131s\u0131na konu oldu.<\/p>\n\n\n\n<hr class=\"wp-block-separator\"\/>\n\n\n\n<p>Cem K\u0131nay&#8217;\u0131n kendisine bir mesaj atarak Atat\u00fcrk Havaliman\u0131 ile ilgili \u00f6nerisini iletti\u011fini yazan Vahap Munyar, K\u0131nay&#8217;\u0131n &#8221;Atat\u00fcrk Havaliman\u0131\u2019n\u0131n a\u00e7\u0131k hava m\u00fczesi ve fuar merkezi kombinasyonuna d\u00f6n\u00fc\u015ft\u00fcrelim. Bu projeyle \u0130stanbul\u2019u d\u00fcnyan\u0131n bulu\u015ftu\u011fu \u015fehir haline getirelim.&#8221; \u00f6nerisinde bulundu\u011funu yazd\u0131.<\/p>\n\n\n\n<p>Cem K\u0131nay&#8217;\u0131n, &#8221;Topkap\u0131 Saray\u0131\u2019nda bulunan eserlerin y\u00fczde 90\u2019\u0131 depolarda tutuluyor. Depodakiler aras\u0131nda paha bi\u00e7ilemeyen 50 kadar Osmanl\u0131 \u00c7ad\u0131r\u0131 ve saltanat arabalar\u0131 var. Atat\u00fcrk Havaliman\u0131\u2019n\u0131n kapal\u0131 ve a\u00e7\u0131k alan\u0131nda Osmanl\u0131 \u00e7ad\u0131rlar\u0131 ile saltanat arabalar\u0131 sergilenebilir. M\u00fcze y\u00f6netiminin uygun g\u00f6rd\u00fc\u011f\u00fc ba\u015fka eserler de sergileme listesine al\u0131nabilir.&#8221; \u00f6nerisinde bulundu\u011funu kaydeden Munyar, K\u0131nay&#8217;\u0131n d\u00fc\u015f\u00fcncesine g\u00f6re, Atat\u00fcrk Havaliman\u0131 m\u00fcze, fuar ve e\u011flence merkezi projesinin \u0130stanbul\u2019a y\u0131lda 5 milyon ek turist ve 5 milyar dolar ek turizm geliri kazand\u0131rabilece\u011fini yazd\u0131.<\/p>\n\n\n\n<p><a href=\"https:\/\/www.turizmguncel.com\/haber\/cem-kinaydan-ataturk-havalimani-icin-iddiali-oneri\">https:\/\/www.turizmguncel.com\/haber\/cem-kinaydan-ataturk-havalimani-icin-iddiali-oneri<\/a><\/p>\n\n\n\n<p><\/p>\n","protected":false},"excerpt":{"rendered":"<p>Turizm G\u00fcncel, 07.09.2019<\/p>\n","protected":false},"author":1,"featured_media":746,"template":"","tags":[],"news-category":[],"class_list":["post-745","news","type-news","status-publish","has-post-thumbnail","hentry"],"_links":{"self":[{"href":"https:\/\/www.drcemkinay.com\/en\/wp-json\/wp\/v2\/news\/745","targetHints":{"allow":["GET"]}}],"collection":[{"href":"https:\/\/www.drcemkinay.com\/en\/wp-json\/wp\/v2\/news"}],"about":[{"href":"https:\/\/www.drcemkinay.com\/en\/wp-json\/wp\/v2\/types\/news"}],"author":[{"embeddable":true,"href":"https:\/\/www.drcemkinay.com\/en\/wp-json\/wp\/v2\/users\/1"}],"version-history":[{"count":0,"href":"https:\/\/www.drcemkinay.com\/en\/wp-json\/wp\/v2\/news\/745\/revisions"}],"wp:featuredmedia":[{"embeddable":true,"href":"https:\/\/www.drcemkinay.com\/en\/wp-json\/wp\/v2\/media\/746"}],"wp:attachment":[{"href":"https:\/\/www.drcemkinay.com\/en\/wp-json\/wp\/v2\/media?parent=745"}],"wp:term":[{"taxonomy":"post_tag","embeddable":true,"href":"https:\/\/www.drcemkinay.com\/en\/wp-json\/wp\/v2\/tags?post=745"},{"taxonomy":"news-category","embeddable":true,"href":"https:\/\/www.drcemkinay.com\/en\/wp-json\/wp\/v2\/news-category?post=745"}],"curies":[{"name":"wp","href":"https:\/\/api.w.org\/{rel}","templated":true}]}}