{"id":742,"date":"2019-07-25T16:27:13","date_gmt":"2019-07-25T16:27:13","guid":{"rendered":"https:\/\/www.drcemkinay.com\/?post_type=news&#038;p=742"},"modified":"2019-07-25T16:27:15","modified_gmt":"2019-07-25T16:27:15","slug":"yalniz-dev-5-milyon-turist-cekecek","status":"publish","type":"news","link":"https:\/\/www.drcemkinay.com\/en\/news\/yalniz-dev-5-milyon-turist-cekecek\/","title":{"rendered":"&#8216;YALNIZ DEV&#8217; 5 M\u0130LYON TUR\u0130ST \u00c7EKECEK"},"content":{"rendered":"\n<p><strong>Turizm Akt\u00fcel, 07.06.2019<\/strong><\/p>\n\n\n\n<p>Atat\u00fcrk Havaliman\u0131\u2019n\u0131n a\u00e7\u0131k hava m\u00fczesi ve fuar merkezi kombinasyonuna d\u00f6n\u00fc\u015ft\u00fcrelmesi \u00f6nerildi. Bu projeyle \u0130stanbul\u2019un d\u00fcnyan\u0131n bulu\u015ftu\u011fu \u015fehir haline getirilmesi planlan\u0131yor.<\/p>\n\n\n\n<p>Atat\u00fcrk Havaliman\u0131\u2019n\u0131n a\u00e7\u0131k hava m\u00fczesi ve fuar merkezi kombinasyonuna d\u00f6n\u00fc\u015ft\u00fcr\u00fclmesi \u00f6nerildi. 5 Milyar Dolarl\u0131k projeyle 5 milyon turistin \u00fclkemize gelmesi bekleniyor. H\u00fcrriyet Gazetesi&#8217;nden Vahap Munyar&#8217;\u0131n konu ile ilgili o yaz\u0131s\u0131n\u0131n bir b\u00f6l\u00fcm\u00fc \u015f\u00f6yle:<\/p>\n\n\n\n<p>&#8220;Ortaklar\u0131 O\u011fuz Serim ve Ali Nahit Bozatl\u0131 ile birlikte Viyana\u2019dan uzanarak T\u00fcrkiye\u2019de Magic Life markas\u0131n\u0131 yarat\u0131p, daha sonra Alman devi TUI\u2019ye satan Cem K\u0131nay\u2019dan Atat\u00fcrk Havaliman\u0131\u2019na d\u00f6n\u00fck ayr\u0131nt\u0131l\u0131 bir mesaj ald\u0131m.<\/p>\n\n\n\n<p>K\u0131nay, mesaj\u0131nda \u00f6ncelikle Atat\u00fcrk Havaliman\u0131\u2019yla ilgili baz\u0131 bilgileri an\u0131msatt\u0131:<\/p>\n\n\n\n<p>&#8211; Atat\u00fcrk Havaliman\u0131\u2019nda otoparklar dahil kabaca 600 bin metrekarelik kapal\u0131 alan var.<\/p>\n\n\n\n<p><strong>8 bin ara\u00e7l\u0131k&nbsp;otopark kapasitesi<\/strong><\/p>\n\n\n\n<p>&#8211; Kapal\u0131 alanlarda 80 asans\u00f6r, 40 y\u00fcr\u00fcyen merpen (merdiven) var. Binalar\u0131n \u00f6n\u00fcnde u\u00e7aklar\u0131n a\u00e7\u0131k alan park yerleri bulunuyor.<\/p>\n\n\n\n<p>Ard\u0131ndan \u00f6nerisini ortaya koydu:<\/p>\n\n\n\n<p>&#8211; Atat\u00fcrk Havaliman\u0131\u2019n\u0131n a\u00e7\u0131k hava m\u00fczesi ve fuar merkezi kombinasyonuna d\u00f6n\u00fc\u015ft\u00fcrelim. Bu projeyle \u0130stanbul\u2019u d\u00fcnyan\u0131n bulu\u015ftu\u011fu \u015fehir haline getirelim.<\/p>\n\n\n\n<p><strong>Topkap\u0131 Saray\u0131&#8217;ndeki eserlerin bir k\u0131sm\u0131 sergilenebilir<\/strong><\/p>\n\n\n\n<p>&#8211; Ancak, Topkap\u0131 Saray\u0131\u2019nda bulunan eserlerin y\u00fczde 90\u2019\u0131 depolarda tutuluyor. Depodakiler aras\u0131nda paha bi\u00e7ilemeyen 50 kadar Osmanl\u0131 \u00c7ad\u0131r\u0131 ve saltanat arabalar\u0131 var.&nbsp; Atat\u00fcrk Havaliman\u0131\u2019n\u0131n kapal\u0131 ve a\u00e7\u0131k alan\u0131nda Osmanl\u0131 \u00e7ad\u0131rlar\u0131 ile saltanat arabalar\u0131 sergilenebilir. M\u00fcze y\u00f6netiminin uygun g\u00f6rd\u00fc\u011f\u00fc ba\u015fka eserler de sergileme listesine al\u0131nabilir.<\/p>\n\n\n\n<p>Almanya\u2019n\u0131n fuar organizasyonunda d\u00fcnyada \u00f6n s\u0131ralarda yer ald\u0131\u011f\u0131na dikkat \u00e7ekti:<\/p>\n\n\n\n<p>&#8211; Almanya, y\u0131lda 150 sekt\u00f6r fuar\u0131na ev sahipli\u011fi yap\u0131yor. Fuarlar Hannover, Frankfurt, Berlin, K\u00f6ln ve M\u00fcnih\u2019te ger\u00e7ekle\u015fiyor. 150 fuar 10 milyon turist \u00e7ekiyor.<\/p>\n\n\n\n<p><strong>Mevcut terminal binalar\u0131 fuar alanlar\u0131 olarak d\u00fczenlenebilir<\/strong><\/p>\n\n\n\n<p>&#8211; Mevcut terminal binalar\u0131 fuar alanlar\u0131 olarak d\u00fczenlenebilir. Buras\u0131 d\u00fcnyan\u0131n en \u00f6nemli fuarlar\u0131na ev sahipli\u011fi yapabilir.<\/p>\n\n\n\n<p>Konaklama kapasitesine vurgu yapt\u0131:<\/p>\n\n\n\n<p>&#8211; Son 10 y\u0131lda Bas\u0131n Ekspres a\u011f\u0131rl\u0131kl\u0131 olmak \u00fczere b\u00f6lgede \u00e7o\u011fu 4 y\u0131ld\u0131zl\u0131 10 bin oda kapasitesine sahip oteller devreye girdi. B\u00fcy\u00fck b\u00f6l\u00fcm\u00fcn\u00fc d\u00fcnya markalar\u0131 i\u015fletiyor.<\/p>\n\n\n\n<p><strong>100 bin ki\u015filik a\u00e7\u0131k konser alan\u0131 yarat\u0131labilir<\/strong><\/p>\n\n\n\n<p>&#8211; Atat\u00fcrk Havaliman\u0131\u2019nda 100 bin ki\u015filik a\u00e7\u0131k konser alan\u0131 yarat\u0131labilir. D\u00fcnyan\u0131n en \u00f6nemli sanat\u00e7\u0131lar\u0131n\u0131n burada konser vermesi sa\u011flanabilir. Ayr\u0131ca, arabadan sinema seyretme keyfinin ya\u015fat\u0131laca\u011f\u0131 bir konsept de olu\u015fturulabilir.<\/p>\n\n\n\n<p><a href=\"https:\/\/www.hurriyet.com.tr\/yazarlar\/vahap-munyar\/ataturk-havalimani-5-milyon-turist-ceker-5-milyar-dolar-getirir-41237055\">https:\/\/www.hurriyet.com.tr\/yazarlar\/vahap-munyar\/ataturk-havalimani-5-milyon-turist-ceker-5-milyar-dolar-getirir-41237055<\/a><\/p>\n","protected":false},"excerpt":{"rendered":"<p>Turizm Akt\u00fcel, 07.06.2019<\/p>\n","protected":false},"author":1,"featured_media":743,"template":"","tags":[],"news-category":[],"class_list":["post-742","news","type-news","status-publish","has-post-thumbnail","hentry"],"_links":{"self":[{"href":"https:\/\/www.drcemkinay.com\/en\/wp-json\/wp\/v2\/news\/742","targetHints":{"allow":["GET"]}}],"collection":[{"href":"https:\/\/www.drcemkinay.com\/en\/wp-json\/wp\/v2\/news"}],"about":[{"href":"https:\/\/www.drcemkinay.com\/en\/wp-json\/wp\/v2\/types\/news"}],"author":[{"embeddable":true,"href":"https:\/\/www.drcemkinay.com\/en\/wp-json\/wp\/v2\/users\/1"}],"version-history":[{"count":0,"href":"https:\/\/www.drcemkinay.com\/en\/wp-json\/wp\/v2\/news\/742\/revisions"}],"wp:featuredmedia":[{"embeddable":true,"href":"https:\/\/www.drcemkinay.com\/en\/wp-json\/wp\/v2\/media\/743"}],"wp:attachment":[{"href":"https:\/\/www.drcemkinay.com\/en\/wp-json\/wp\/v2\/media?parent=742"}],"wp:term":[{"taxonomy":"post_tag","embeddable":true,"href":"https:\/\/www.drcemkinay.com\/en\/wp-json\/wp\/v2\/tags?post=742"},{"taxonomy":"news-category","embeddable":true,"href":"https:\/\/www.drcemkinay.com\/en\/wp-json\/wp\/v2\/news-category?post=742"}],"curies":[{"name":"wp","href":"https:\/\/api.w.org\/{rel}","templated":true}]}}