{"id":738,"date":"2019-07-25T16:19:03","date_gmt":"2019-07-25T16:19:03","guid":{"rendered":"https:\/\/www.drcemkinay.com\/?post_type=news&#038;p=738"},"modified":"2019-07-25T16:24:17","modified_gmt":"2019-07-25T16:24:17","slug":"ataturk-havalimani-5-milyon-turist-ceker-5-milyar-dolar-getirir","status":"publish","type":"news","link":"https:\/\/www.drcemkinay.com\/en\/news\/ataturk-havalimani-5-milyon-turist-ceker-5-milyar-dolar-getirir\/","title":{"rendered":"ATAT\u00dcRK HAVAL\u0130MANI 5 M\u0130LYON TUR\u0130ST \u00c7EKER, 5 M\u0130LYAR DOLAR GET\u0130R\u0130R"},"content":{"rendered":"\n<p><strong>H\u00fcrriyet, 07.06.2019<\/strong><\/p>\n\n\n\n<p>ORTAKLARI O\u011fuz Serim ve Ali Nahit Bozatl\u0131 ile birlikte Viyana\u2019dan uzanarak T\u00fcrkiye\u2019de Magic Life markas\u0131n\u0131 yarat\u0131p, daha sonra Alman devi TUI\u2019ye satan Cem K\u0131nay\u2019dan Atat\u00fcrk Havaliman\u0131\u2019na d\u00f6n\u00fck ayr\u0131nt\u0131l\u0131 bir mesaj ald\u0131m.<\/p>\n\n\n\n<p><strong>K\u0131nay<\/strong>, mesaj\u0131nda \u00f6ncelikle Atat\u00fcrk Havaliman\u0131\u2019yla ilgili baz\u0131 bilgileri an\u0131msatt\u0131:<\/p>\n\n\n\n<p><strong>&#8211; Atat\u00fcrk Havaliman\u0131\u2019nda otoparklar dahil kabaca 600 bin metrekarelik kapal\u0131 alan var.<\/strong><\/p>\n\n\n\n<p>Otopark kapasitesinin 8 bin ara\u00e7l\u0131k oldu\u011funu vurgulad\u0131:<\/p>\n\n\n\n<p><strong>&#8211; Kapal\u0131 alanlarda 80 asans\u00f6r, 40 y\u00fcr\u00fcyen merdiven var. Binalar\u0131n \u00f6n\u00fcnde u\u00e7aklar\u0131n a\u00e7\u0131k alan park yerleri bulunuyor.<\/strong><\/p>\n\n\n\n<p>Ard\u0131ndan \u00f6nerisini ortaya koydu:<\/p>\n\n\n\n<p><strong>&#8211; Atat\u00fcrk Havaliman\u0131\u2019n\u0131n a\u00e7\u0131k hava m\u00fczesi ve fuar merkezi kombinasyonuna d\u00f6n\u00fc\u015ft\u00fcrelim. Bu projeyle \u0130stanbul\u2019u d\u00fcnyan\u0131n bulu\u015ftu\u011fu \u015fehir haline getirelim.<\/strong><\/p>\n\n\n\n<p>Topkap\u0131 M\u00fczesi\u2019nin T\u00fcrkiye\u2019nin en \u00f6nemli m\u00fczesi oldu\u011funu kaydetti:<\/p>\n\n\n\n<p><strong>&#8211; Ancak, Topkap\u0131 Saray\u0131\u2019nda bulunan eserlerin y\u00fczde 90\u2019\u0131 depolarda tutuluyor. Depodakiler aras\u0131nda paha bi\u00e7ilemeyen 50 kadar Osmanl\u0131 \u00c7ad\u0131r\u0131 ve saltanat arabalar\u0131 var.&nbsp; Atat\u00fcrk Havaliman\u0131\u2019n\u0131n kapal\u0131 ve a\u00e7\u0131k alan\u0131nda Osmanl\u0131 \u00e7ad\u0131rlar\u0131 ile saltanat arabalar\u0131 sergilenebilir. M\u00fcze y\u00f6netiminin uygun g\u00f6rd\u00fc\u011f\u00fc ba\u015fka eserler de sergileme listesine al\u0131nabilir.<\/strong><\/p>\n\n\n\n<p>Almanya\u2019n\u0131n fuar organizasyonunda d\u00fcnyada \u00f6n s\u0131ralarda yer ald\u0131\u011f\u0131na dikkat \u00e7ekti:<\/p>\n\n\n\n<p><strong>&#8211; Almanya, y\u0131lda 150 sekt\u00f6r fuar\u0131na ev sahipli\u011fi yap\u0131yor. Fuarlar Hannover, Frankfurt, Berlin, K\u00f6ln ve M\u00fcnih\u2019te ger\u00e7ekle\u015fiyor. 150 fuar 10 milyon turist \u00e7ekiyor.<\/strong><\/p>\n\n\n\n<p>Almanya \u00f6rne\u011fi sonras\u0131 Atat\u00fcrk Havaliman\u0131\u2019na d\u00f6nd\u00fc:<\/p>\n\n\n\n<p><strong>&#8211; Mevcut terminal binalar\u0131 fuar alanlar\u0131 olarak d\u00fczenlenebilir. Buras\u0131 d\u00fcnyan\u0131n en \u00f6nemli fuarlar\u0131na ev sahipli\u011fi yapabilir.<\/strong><\/p>\n\n\n\n<p>Konaklama kapasitesine vurgu yapt\u0131:<\/p>\n\n\n\n<p><strong>&#8211; Son 10 y\u0131lda Bas\u0131n Ekspres a\u011f\u0131rl\u0131kl\u0131 olmak \u00fczere b\u00f6lgede \u00e7o\u011fu 4 y\u0131ld\u0131zl\u0131 10 bin oda kapasitesine sahip oteller devreye girdi. B\u00fcy\u00fck b\u00f6l\u00fcm\u00fcn\u00fc d\u00fcnya markalar\u0131 i\u015fletiyor.<\/strong><\/p>\n\n\n\n<p>Fuar ve m\u00fcze \u00f6nerisine iki ek yapt\u0131:<\/p>\n\n\n\n<p><strong>&#8211; Atat\u00fcrk Havaliman\u0131\u2019nda 100 bin ki\u015filik a\u00e7\u0131k konser alan\u0131 yarat\u0131labilir. D\u00fcnyan\u0131n en \u00f6nemli sanat\u00e7\u0131lar\u0131n\u0131n burada konser vermesi sa\u011flanabilir. Ayr\u0131ca, arabadan sinema seyretme keyfinin ya\u015fat\u0131laca\u011f\u0131 bir konsept de olu\u015fturulabilir.<\/strong><\/p>\n\n\n\n<p>Atat\u00fcrk Havaliman\u0131\u2019n\u0131n fuar, a\u00e7\u0131k hava m\u00fczesi, a\u00e7\u0131k hava konser alan\u0131 \u015feklinde d\u00fczenlenmesinin k\u0131sa s\u00fcrede olabilece\u011fini savundu:<\/p>\n\n\n\n<p><strong>&#8211; Konsept bir ayda haz\u0131rlan\u0131r. D\u00f6n\u00fc\u015f\u00fcm 6 ayda ger\u00e7ekle\u015ftirilir. Proje Ocak 2020\u2019de hayata ge\u00e7ebilir. 30 y\u0131l\u0131n\u0131 turizm sekt\u00f6r\u00fcnde ge\u00e7irmi\u015f bir ki\u015fi olarak bu konuda elimden geleni yapar\u0131m.<\/strong><\/p>\n\n\n\n<p>D\u00f6n\u00fc\u015f\u00fcm\u00fcn ger\u00e7ekle\u015fmesi sonras\u0131 i\u00e7in beklentisini de payla\u015ft\u0131:<\/p>\n\n\n\n<p><strong>&#8211; \u00dclkemize gelen turist say\u0131s\u0131 40 milyonu a\u015f\u0131yor. \u0130stanbul 12 milyon turist a\u011f\u0131rl\u0131yor. Atat\u00fcrk Havaliman\u0131 m\u00fcze, fuar ve e\u011flence merkezi projesi \u0130stanbul\u2019a y\u0131lda 5 milyon ek turist \u00e7ekebilir. 5 milyar dolar ek turizm geliri olu\u015fabilir.<\/strong><\/p>\n\n\n\n<p>T3 Vakf\u0131 M\u00fctevelli Heyeti Ba\u015fkan\u0131&nbsp;<strong>Sel\u00e7uk Bayraktar<\/strong>\u2019\u0131n \u00f6nderli\u011finde ger\u00e7ekle\u015fen Teknofest, Atat\u00fcrk Havaliman\u0131\u2019n\u0131n fuar alan\u0131na d\u00f6n\u00fc\u015fmesinin kap\u0131s\u0131n\u0131 aralam\u0131\u015ft\u0131&#8230;<\/p>\n\n\n\n<p>Fuar, a\u00e7\u0131k hava m\u00fczesi ve e\u011flence merkezi konusunda&nbsp;<strong>Cem K\u0131nay<\/strong>\u2019a da kulak vermekte yarar var&#8230;<\/p>\n\n\n\n<p><strong>\u2018DE\u011e\u0130\u015eKEN KANAT\u2019 YAPTIK, BERGAMA\u2019DAK\u0130 FABR\u0130KA 300 K\u0130\u015e\u0130YE KAPI A\u00c7ACAK<\/strong><\/p>\n\n\n\n<p><strong>Z\u0130YLAN&nbsp;<\/strong>GYY Y\u00f6netim Kurulu Ba\u015fkan\u0131&nbsp;<strong>Mehmet B\u00fcy\u00fckek\u015fi<\/strong>\u2019nin davetiyle Watergarden \u0130stanbul\u2019da d\u00fczenlenen&nbsp;<strong>\u201cMaker ve Bilim Festivali\u201d&nbsp;<\/strong>\u00e7er\u00e7evesindeki yar\u0131\u015fmas\u0131n\u0131n j\u00fcrisinde g\u00f6rev al\u0131p, oradaki notlar\u0131mdan yazd\u0131\u011f\u0131m yaz\u0131da \u00f6\u011frencilerin&nbsp;<strong>\u201cDe\u011fi\u015fken Kanat Uzunluklu R\u00fczg\u00e2r T\u00fcrbini\u201d&nbsp;<\/strong>projesine de yer verdim.<\/p>\n\n\n\n<p>GE T\u00fcrkiye Kurumsal \u0130li\u015fkiler Direkt\u00f6r\u00fc&nbsp;<strong>\u00d6zlem Aksoy,&nbsp;<\/strong>o yaz\u0131 \u00fczerine \u015fu bilgileri g\u00f6nderdi:<\/p>\n\n\n\n<p><strong>&#8211; GE Yenilenebilir Enerji b\u00fcnyesindeki LM Wind Power, de\u011fi\u015fken boyutlu kanat \u00fcretimi konusunda 2018\u2019de yapt\u0131\u011f\u0131 lansman ile d\u00fcnyada bir ilki ger\u00e7ekle\u015ftirdi.<\/strong><\/p>\n\n\n\n<p>5.3MW-158 Cypress platformunun par\u00e7al\u0131 kanat tasar\u0131m\u0131yla daha uzun kanatlar\u0131n \u00fcretilmesini m\u00fcmk\u00fcn k\u0131ld\u0131\u011f\u0131n\u0131 belirtti:<\/p>\n\n\n\n<p><strong>&#8211; Bu ayn\u0131 zamanda kanatlar\u0131n ta\u015f\u0131nmas\u0131n\u0131 da kolayla\u015ft\u0131r\u0131yor. Daha uzun kanatlar ise enerji \u00fcretimini iyile\u015ftirirken, elektrik \u00fcretim maliyetinin d\u00fc\u015f\u00fcr\u00fclmesine katk\u0131da bulunuyor.<\/strong><\/p>\n\n\n\n<p>Par\u00e7al\u0131 kanatlar\u0131n zamanla her sahaya \u00f6zel hale de d\u00f6n\u00fc\u015febilece\u011fini kaydetti:<\/p>\n\n\n\n<p><strong>&#8211; Y\u00fcksek teknoloji \u00fcr\u00fcn\u00fc karbon kanatlar, GE\u2019nin R\u00fczg\u00e2r \u0130\u015fkolu, K\u00fcresel Ara\u015ft\u0131rma Merkezi ve LM R\u00fczg\u00e2r Enerjisi aras\u0131ndaki i\u015f ortakl\u0131\u011f\u0131yla geli\u015ftirildi.<\/strong><\/p>\n\n\n\n<p>Bu bilgilerin ard\u0131ndan yar\u0131\u015fmaya kat\u0131lan gen\u00e7lere d\u00f6n\u00fck \u015fu mesaj\u0131 verdi:<\/p>\n\n\n\n<p><strong>&#8211; Gen\u00e7lerimizin yenilik\u00e7i fikirlere imza atmalar\u0131 bizlere de gurur veriyor.<\/strong><\/p>\n\n\n\n<p>Ard\u0131ndan T\u00fcrkiye\u2019deki yat\u0131r\u0131mlar\u0131yla ilgili son durumu payla\u015ft\u0131:<\/p>\n\n\n\n<p><strong>&#8211; Bergama\u2019daki LM Wind Power R\u00fczg\u00e2r T\u00fcrbin Kanad\u0131 fabrikam\u0131za yat\u0131r\u0131mlar\u0131m\u0131z s\u00fcr\u00fcyor. Bu \u00e7er\u00e7evede y\u0131l sonuna kadar 300 ki\u015fiyi i\u015fe alaca\u011f\u0131z.<\/strong><\/p>\n\n\n\n<p><a href=\"https:\/\/www.hurriyet.com.tr\/yazarlar\/vahap-munyar\/ataturk-havalimani-5-milyon-turist-ceker-5-milyar-dolar-getirir-41237055\">https:\/\/www.hurriyet.com.tr\/yazarlar\/vahap-munyar\/ataturk-havalimani-5-milyon-turist-ceker-5-milyar-dolar-getirir-41237055<\/a><\/p>\n","protected":false},"excerpt":{"rendered":"<p>H\u00fcrriyet, 07.06.2019<\/p>\n","protected":false},"author":1,"featured_media":740,"template":"","tags":[],"news-category":[],"class_list":["post-738","news","type-news","status-publish","has-post-thumbnail","hentry"],"_links":{"self":[{"href":"https:\/\/www.drcemkinay.com\/en\/wp-json\/wp\/v2\/news\/738","targetHints":{"allow":["GET"]}}],"collection":[{"href":"https:\/\/www.drcemkinay.com\/en\/wp-json\/wp\/v2\/news"}],"about":[{"href":"https:\/\/www.drcemkinay.com\/en\/wp-json\/wp\/v2\/types\/news"}],"author":[{"embeddable":true,"href":"https:\/\/www.drcemkinay.com\/en\/wp-json\/wp\/v2\/users\/1"}],"version-history":[{"count":0,"href":"https:\/\/www.drcemkinay.com\/en\/wp-json\/wp\/v2\/news\/738\/revisions"}],"wp:featuredmedia":[{"embeddable":true,"href":"https:\/\/www.drcemkinay.com\/en\/wp-json\/wp\/v2\/media\/740"}],"wp:attachment":[{"href":"https:\/\/www.drcemkinay.com\/en\/wp-json\/wp\/v2\/media?parent=738"}],"wp:term":[{"taxonomy":"post_tag","embeddable":true,"href":"https:\/\/www.drcemkinay.com\/en\/wp-json\/wp\/v2\/tags?post=738"},{"taxonomy":"news-category","embeddable":true,"href":"https:\/\/www.drcemkinay.com\/en\/wp-json\/wp\/v2\/news-category?post=738"}],"curies":[{"name":"wp","href":"https:\/\/api.w.org\/{rel}","templated":true}]}}