{"id":4333,"date":"2019-01-22T22:11:19","date_gmt":"2019-01-22T19:11:19","guid":{"rendered":"https:\/\/www.drcemkinay.com\/?post_type=news&#038;p=4333"},"modified":"2025-09-10T19:38:35","modified_gmt":"2025-09-10T16:38:35","slug":"unlu-is-adami-cem-kinay-yogun-bakima-kaldirildi","status":"publish","type":"news","link":"https:\/\/www.drcemkinay.com\/en\/news\/unlu-is-adami-cem-kinay-yogun-bakima-kaldirildi\/","title":{"rendered":"\u00dcNL\u00dc \u0130\u015e ADAMI CEM KINAY YO\u011eUN BAKIMA KALDIRILDI"},"content":{"rendered":"\n<h2 class=\"wp-block-heading\">Turizm sekt\u00f6r\u00fcn\u00fcn \u00f6nemli i\u015f insanlar\u0131ndan&nbsp;<a href=\"https:\/\/www.ahaber.com.tr\/index\/cem-kinay\" target=\"_blank\" rel=\"noreferrer noopener\">Cem K\u0131nay<\/a>,&nbsp;<a href=\"https:\/\/www.ahaber.com.tr\/index\/kapadokya\" target=\"_blank\" rel=\"noreferrer noopener\">Kapadokya<\/a>&#8216;da ge\u00e7irdi\u011fi kaza nedeniyle yo\u011fun bak\u0131ma kald\u0131r\u0131ld\u0131. Motosikletinden d\u00fc\u015ft\u00fc\u011f\u00fc ve&nbsp;<a href=\"https:\/\/www.ahaber.com.tr\/index\/kayseri\" target=\"_blank\" rel=\"noreferrer noopener\">Kayseri<\/a>&#8216;deki Erciyes \u00dcniversitesi T\u0131p Fak\u00fcltesi&#8217;nde tedavi alt\u0131na al\u0131nd\u0131\u011f\u0131 \u00f6\u011frenilen K\u0131nay\u2019\u0131n kaburgalar\u0131nda k\u0131r\u0131klar oldu\u011fu ileri s\u00fcr\u00fcld\u00fc.<\/h2>\n\n\n\n<p>T\u00fcrk turizminin \u00f6nemli isimlerinden olan ve motosiklet tutkusuyla bilinen&nbsp;<a href=\"https:\/\/www.ahaber.com.tr\/index\/cem-kinay\" target=\"_blank\" rel=\"noreferrer noopener\">Cem K\u0131nay<\/a>&#8216;\u0131n,&nbsp;<a href=\"https:\/\/www.ahaber.com.tr\/index\/kapadokya\" target=\"_blank\" rel=\"noreferrer noopener\">Kapadokya<\/a>&#8216;da motosikletiyle gezerken dengesini kaybederek yere d\u00fc\u015ft\u00fc\u011f\u00fc ve yuvarland\u0131\u011f\u0131 \u00f6\u011frenildi. A\u011f\u0131r yaraland\u0131\u011f\u0131 iddia edilen Cem K\u0131nay, kazan\u0131n ard\u0131ndan&nbsp;<a href=\"https:\/\/www.ahaber.com.tr\/index\/kayseri\" target=\"_blank\" rel=\"noreferrer noopener\">Kayseri<\/a>&#8216;de bulunan Erciyes \u00dcniversitesi T\u0131p Fak\u00fcltesi Hastanesi&#8217;ne kald\u0131r\u0131ld\u0131. K\u0131nay burada yo\u011fun bak\u0131m servisinde tedavi at\u0131na al\u0131nd\u0131.<\/p>\n\n\n\n<figure class=\"wp-block-image\"><img decoding=\"async\" data-src=\"https:\/\/iaahbr.tmgrup.com.tr\/f880b5\/0\/0\/0\/0\/632\/314?u=https:\/\/iahbr.tmgrup.com.tr\/2019\/06\/15\/unlu-is-adami-cem-kinay-yogun-bakima-kaldirildi-1560592114115.jpg&amp;mw=700\" alt=\"\" src=\"data:image\/svg+xml;base64,PHN2ZyB3aWR0aD0iMSIgaGVpZ2h0PSIxIiB4bWxucz0iaHR0cDovL3d3dy53My5vcmcvMjAwMC9zdmciPjwvc3ZnPg==\" class=\"lazyload\" \/><\/figure>\n\n\n\n<p><strong>KABURGALARINDA KIRIKLAR VAR<\/strong><br>Doktorlar\u0131n, Cem K\u0131nay&#8217;\u0131n bilincinin a\u00e7\u0131k oldu\u011funu s\u00f6yledi\u011fi \u00f6\u011frenildi. Yo\u011fun bak\u0131mda tedavisi s\u00fcren K\u0131nay&#8217;\u0131n kaburgalar\u0131nda k\u0131r\u0131k oldu\u011fu ancak hayati riski atlatt\u0131\u011f\u0131 belirtildi. Cem K\u0131nay&#8217;\u0131n pazartesi g\u00fcn\u00fcne kadar hastanede kalaca\u011f\u0131 ve son tetkikleri yap\u0131ld\u0131ktan sonra \u0130stanbul&#8217;a getirilmesinin d\u00fc\u015f\u00fcn\u00fcld\u00fc\u011f\u00fc ifade edildi.<\/p>\n\n\n\n<figure class=\"wp-block-image\"><img decoding=\"async\" data-src=\"https:\/\/iaahbr.tmgrup.com.tr\/d47be6\/0\/0\/0\/0\/697\/467?u=https:\/\/iahbr.tmgrup.com.tr\/2019\/06\/15\/unlu-is-adami-cem-kinay-yogun-bakima-kaldirildi-1560592108020.jpg&amp;mw=700\" alt=\"\" src=\"data:image\/svg+xml;base64,PHN2ZyB3aWR0aD0iMSIgaGVpZ2h0PSIxIiB4bWxucz0iaHR0cDovL3d3dy53My5vcmcvMjAwMC9zdmciPjwvc3ZnPg==\" class=\"lazyload\" \/><\/figure>\n\n\n\n<p><strong>&#8220;HER \u015eEY DAH\u0130L&#8221; S\u0130STEM\u0130N\u0130N MUC\u0130D\u0130<\/strong><br>T\u00fcrkiye&#8217;de her \u015fey dahil tatil sisteminin mucidi olarak an\u0131lan Cem K\u0131nay, 90&#8217;larda Magic Life Otellerinin kurucu orta\u011f\u0131yd\u0131. 2004&#8217;te Magic Life Otellerini Alman turizm operat\u00f6r\u00fc TU\u0130&#8217;ye satan K\u0131nay, 2005-2009 y\u0131llar\u0131 aras\u0131nda Turks and Caicos adalar\u0131ndaki yat\u0131r\u0131mlar\u0131 ile \u00f6ne \u00e7\u0131kt\u0131.<\/p>\n\n\n\n<p>Burada ya\u015fanan siyasi kriz sonras\u0131nda T\u00fcrkiye&#8217;ye d\u00f6nen K\u0131nay 2012 sonras\u0131nda profesyonel turizm yat\u0131r\u0131mlar\u0131n\u0131 ask\u0131ya al\u0131rken \u00f6zellikle T\u00fcrkiye&#8217;deki d\u00fcnyaca \u00fcnl\u00fc otel zincirlerine dan\u0131\u015fmanl\u0131klar vermeye, y\u00f6netim kurulu \u00fcyelikleri ile sekt\u00f6rde varl\u0131\u011f\u0131n\u0131 s\u00fcrd\u00fcrmeye devam etti.<a href=\"https:\/\/www.ahaber.com.tr\/yasam\/2019\/06\/15\/unlu-is-adami-cem-kinay-yogun-bakima-kaldirildi\">.<\/a><\/p>\n\n\n\n<p><a href=\"https:\/\/www.ahaber.com.tr\/yasam\/2019\/06\/15\/unlu-is-adami-cem-kinay-yogun-bakima-kaldirildi\">https:\/\/www.ahaber.com.tr\/yasam\/2019\/06\/15\/unlu-is-adami-cem-kinay-yogun-bakima-kaldirildi<\/a><\/p>\n","protected":false},"excerpt":{"rendered":"<p>Ahaber, 16 Haziran 2019<\/p>\n","protected":false},"author":1,"featured_media":4334,"template":"","tags":[],"news-category":[],"class_list":["post-4333","news","type-news","status-publish","has-post-thumbnail","hentry"],"_links":{"self":[{"href":"https:\/\/www.drcemkinay.com\/en\/wp-json\/wp\/v2\/news\/4333","targetHints":{"allow":["GET"]}}],"collection":[{"href":"https:\/\/www.drcemkinay.com\/en\/wp-json\/wp\/v2\/news"}],"about":[{"href":"https:\/\/www.drcemkinay.com\/en\/wp-json\/wp\/v2\/types\/news"}],"author":[{"embeddable":true,"href":"https:\/\/www.drcemkinay.com\/en\/wp-json\/wp\/v2\/users\/1"}],"version-history":[{"count":0,"href":"https:\/\/www.drcemkinay.com\/en\/wp-json\/wp\/v2\/news\/4333\/revisions"}],"wp:featuredmedia":[{"embeddable":true,"href":"https:\/\/www.drcemkinay.com\/en\/wp-json\/wp\/v2\/media\/4334"}],"wp:attachment":[{"href":"https:\/\/www.drcemkinay.com\/en\/wp-json\/wp\/v2\/media?parent=4333"}],"wp:term":[{"taxonomy":"post_tag","embeddable":true,"href":"https:\/\/www.drcemkinay.com\/en\/wp-json\/wp\/v2\/tags?post=4333"},{"taxonomy":"news-category","embeddable":true,"href":"https:\/\/www.drcemkinay.com\/en\/wp-json\/wp\/v2\/news-category?post=4333"}],"curies":[{"name":"wp","href":"https:\/\/api.w.org\/{rel}","templated":true}]}}