{"id":365,"date":"2017-05-02T09:48:49","date_gmt":"2017-05-02T06:48:49","guid":{"rendered":"https:\/\/www.drcemkinay.com\/?post_type=news&#038;p=365"},"modified":"2025-09-10T19:49:30","modified_gmt":"2025-09-10T16:49:30","slug":"yoneticilere-flas-cagri-baskan-birakmiyorsa-siz-birakin","status":"publish","type":"news","link":"https:\/\/www.drcemkinay.com\/en\/news\/yoneticilere-flas-cagri-baskan-birakmiyorsa-siz-birakin\/","title":{"rendered":"Y\u00d6NET\u0130C\u0130LERE FLA\u015e \u00c7A\u011eRI: \u201cBA\u015eKAN BIRAKMIYORSA S\u0130Z BIRAKIN\u201d"},"content":{"rendered":"<div id=\"cs-content\" class=\"cs-content\"><\/div>\n","protected":false},"excerpt":{"rendered":"<p>Ajansspor, 26.07.2017<\/p>\n","protected":false},"author":1,"featured_media":510,"template":"","tags":[],"news-category":[],"class_list":["post-365","news","type-news","status-publish","has-post-thumbnail","hentry"],"_links":{"self":[{"href":"https:\/\/www.drcemkinay.com\/en\/wp-json\/wp\/v2\/news\/365","targetHints":{"allow":["GET"]}}],"collection":[{"href":"https:\/\/www.drcemkinay.com\/en\/wp-json\/wp\/v2\/news"}],"about":[{"href":"https:\/\/www.drcemkinay.com\/en\/wp-json\/wp\/v2\/types\/news"}],"author":[{"embeddable":true,"href":"https:\/\/www.drcemkinay.com\/en\/wp-json\/wp\/v2\/users\/1"}],"version-history":[{"count":0,"href":"https:\/\/www.drcemkinay.com\/en\/wp-json\/wp\/v2\/news\/365\/revisions"}],"wp:featuredmedia":[{"embeddable":true,"href":"https:\/\/www.drcemkinay.com\/en\/wp-json\/wp\/v2\/media\/510"}],"wp:attachment":[{"href":"https:\/\/www.drcemkinay.com\/en\/wp-json\/wp\/v2\/media?parent=365"}],"wp:term":[{"taxonomy":"post_tag","embeddable":true,"href":"https:\/\/www.drcemkinay.com\/en\/wp-json\/wp\/v2\/tags?post=365"},{"taxonomy":"news-category","embeddable":true,"href":"https:\/\/www.drcemkinay.com\/en\/wp-json\/wp\/v2\/news-category?post=365"}],"curies":[{"name":"wp","href":"https:\/\/api.w.org\/{rel}","templated":true}]}}