{"id":334,"date":"2015-05-01T08:52:31","date_gmt":"2015-05-01T05:52:31","guid":{"rendered":"https:\/\/www.drcemkinay.com\/?post_type=news&#038;p=334"},"modified":"2025-09-11T09:26:08","modified_gmt":"2025-09-11T06:26:08","slug":"kinay-futbol-gelirlerini-aile-matinesi-ve-kadinlar-kurtaracak","status":"publish","type":"news","link":"https:\/\/www.drcemkinay.com\/en\/news\/kinay-futbol-gelirlerini-aile-matinesi-ve-kadinlar-kurtaracak\/","title":{"rendered":"K\u0130NAY, FUTBOL GEL\u0130RLER\u0130N\u0130 \u2018A\u0130LE MAT\u0130NES\u0130 VE KADINLAR\u2019 KURTARACAK!"},"content":{"rendered":"<div id=\"cs-content\" class=\"cs-content\"><\/div>\n","protected":false},"excerpt":{"rendered":"<p>Habert\u00fcrk, 08.03.2015<\/p>\n","protected":false},"author":1,"featured_media":512,"template":"","tags":[],"news-category":[],"class_list":["post-334","news","type-news","status-publish","has-post-thumbnail","hentry"],"_links":{"self":[{"href":"https:\/\/www.drcemkinay.com\/en\/wp-json\/wp\/v2\/news\/334","targetHints":{"allow":["GET"]}}],"collection":[{"href":"https:\/\/www.drcemkinay.com\/en\/wp-json\/wp\/v2\/news"}],"about":[{"href":"https:\/\/www.drcemkinay.com\/en\/wp-json\/wp\/v2\/types\/news"}],"author":[{"embeddable":true,"href":"https:\/\/www.drcemkinay.com\/en\/wp-json\/wp\/v2\/users\/1"}],"version-history":[{"count":0,"href":"https:\/\/www.drcemkinay.com\/en\/wp-json\/wp\/v2\/news\/334\/revisions"}],"wp:featuredmedia":[{"embeddable":true,"href":"https:\/\/www.drcemkinay.com\/en\/wp-json\/wp\/v2\/media\/512"}],"wp:attachment":[{"href":"https:\/\/www.drcemkinay.com\/en\/wp-json\/wp\/v2\/media?parent=334"}],"wp:term":[{"taxonomy":"post_tag","embeddable":true,"href":"https:\/\/www.drcemkinay.com\/en\/wp-json\/wp\/v2\/tags?post=334"},{"taxonomy":"news-category","embeddable":true,"href":"https:\/\/www.drcemkinay.com\/en\/wp-json\/wp\/v2\/news-category?post=334"}],"curies":[{"name":"wp","href":"https:\/\/api.w.org\/{rel}","templated":true}]}}